{"id":3392,"date":"2025-08-01T15:55:35","date_gmt":"2025-08-01T18:55:35","guid":{"rendered":"https:\/\/machadodeassispicos.com.br\/site\/?p=3392"},"modified":"2025-08-01T15:55:35","modified_gmt":"2025-08-01T18:55:35","slug":"professores-do-colegio-machado-de-assis-enviam-mensagens-de-boas-vindas-para-os-alunos","status":"publish","type":"post","link":"https:\/\/machadodeassispicos.com.br\/site\/sem-categoria\/professores-do-colegio-machado-de-assis-enviam-mensagens-de-boas-vindas-para-os-alunos\/","title":{"rendered":"Professores do Col\u00e9gio Machado de Assis enviam mensagens de boas-vindas para os alunos"},"content":{"rendered":"<p>O segundo semestre letivo de 2025 do Col\u00e9gio Machado de Assis de Picos ter\u00e1 in\u00edcio na pr\u00f3xima segunda-feira (04). \u00c9 tempo de retomar a rotina, de ir todos os dias para a escola em busca da realiza\u00e7\u00e3o dos sonhos. Pensando nisso, os professores Col\u00e9gio Machado enviaram mensagens de estimulo para os estudantes.<\/p>\n<p>O professor de Literatura, Patrick Lustosa, destacou a import\u00e2ncia do ato de ensinar na certeza de que os alunos continuam alcan\u00e7ando grandes resultados.<\/p>\n<div id=\"attachment_3377\" style=\"width: 723px\" class=\"wp-caption alignnone\"><img aria-describedby=\"caption-attachment-3377\" loading=\"lazy\" class=\"wp-image-3377 size-full\" src=\"https:\/\/machadodeassispicos.com.br\/site\/wp-content\/uploads\/2025\/07\/Sem-titulo.jpg\" alt=\"\" width=\"713\" height=\"517\" srcset=\"https:\/\/machadodeassispicos.com.br\/site\/wp-content\/uploads\/2025\/07\/Sem-titulo.jpg 713w, https:\/\/machadodeassispicos.com.br\/site\/wp-content\/uploads\/2025\/07\/Sem-titulo-300x218.jpg 300w\" sizes=\"(max-width: 713px) 100vw, 713px\" \/><p id=\"caption-attachment-3377\" class=\"wp-caption-text\">Patrick Lustosa<\/p><\/div>\n<p>\u201cEnsinar \u00e9 um ato de coragem e compromisso, que neste segundo semestre que se inicia no dia 04\/08\/2025, eu professor Patrick Lustosa Brand\u00e3o, desejo um excelente retorno para todos os nossos alunos, e que juntos possamos compartilhar grandes emo\u00e7\u00f5es por meio do conhecimento.\u201d<\/p>\n<p>\u201cN\u00f3s que fazemos parte da equipe do col\u00e9gio Machado de Assis, seguimos trabalhando para alcan\u00e7ar grandes resultados nos diversos vestibulares como: ENEM, UPE, UEMA, FUVEST, dentre outros.\u201d<\/p>\n<p>O professor de Reda\u00e7\u00e3o, Erismar Veloso de Sousa, falou sobre o entusiasmo e as expectativas para os alunos.<\/p>\n<div id=\"attachment_3393\" style=\"width: 1038px\" class=\"wp-caption alignnone\"><img aria-describedby=\"caption-attachment-3393\" loading=\"lazy\" class=\"wp-image-3393 size-full\" src=\"https:\/\/machadodeassispicos.com.br\/site\/wp-content\/uploads\/2025\/08\/PROFESSOR-ERISMAR-2.jpg\" alt=\"\" width=\"1028\" height=\"685\" srcset=\"https:\/\/machadodeassispicos.com.br\/site\/wp-content\/uploads\/2025\/08\/PROFESSOR-ERISMAR-2.jpg 1028w, https:\/\/machadodeassispicos.com.br\/site\/wp-content\/uploads\/2025\/08\/PROFESSOR-ERISMAR-2-300x200.jpg 300w, https:\/\/machadodeassispicos.com.br\/site\/wp-content\/uploads\/2025\/08\/PROFESSOR-ERISMAR-2-1024x682.jpg 1024w\" sizes=\"(max-width: 1028px) 100vw, 1028px\" \/><p id=\"caption-attachment-3393\" class=\"wp-caption-text\">Erismar Veloso de Sousa<\/p><\/div>\n<p>\u201cEu, professor Erismar Sousa, sigo entusiasmado e com muitas expectativas positivas para os alunos, especialmente nas nossas aulas de reda\u00e7\u00e3o, neste segundo semestre letivo. Sei que esta \u00e9 uma etapa decisiva do ano, sobretudo para aqueles que se preparam para o Enem e demais vestibulares.\u201d<\/p>\n<p>\u201cAcredito que este segundo semestre ser\u00e1 essencial para consolidar o trabalho que j\u00e1 vem sendo desenvolvido com excel\u00eancia h\u00e1 v\u00e1rios anos. Teremos novidades importantes, que visam intensificar ainda mais os estudos e elevar o desempenho dos nossos alunos nas produ\u00e7\u00f5es textuais.\u201d<\/p>\n<p>\u201cRessalto, ainda, que o retorno \u00e0s aulas marca um momento estrat\u00e9gico para revisar conte\u00fados, aprofundar repert\u00f3rios e refor\u00e7ar o acompanhamento individualizado. Estou realmente muito confiante de que os bons resultados continuar\u00e3o sendo a marca do nosso trabalho, e desejo um \u00f3timo retorno a todos, com a certeza de que o melhor continuar\u00e1 sendo feito para que os objetivos dos nossos discentes sejam sempre alcan\u00e7ados.\u201d<\/p>\n<p>O professor de Hist\u00f3ria, Rubens Leal, falou sobre foco, compromisso e o suporte dado pela escola para os seus alunos.<\/p>\n<div id=\"attachment_1610\" style=\"width: 1290px\" class=\"wp-caption alignnone\"><img aria-describedby=\"caption-attachment-1610\" loading=\"lazy\" class=\"wp-image-1610 size-full\" src=\"https:\/\/machadodeassispicos.com.br\/site\/wp-content\/uploads\/2024\/07\/a671c32e-b27a-48b2-9cd3-30e99c360540.jpg\" alt=\"\" width=\"1280\" height=\"1600\" srcset=\"https:\/\/machadodeassispicos.com.br\/site\/wp-content\/uploads\/2024\/07\/a671c32e-b27a-48b2-9cd3-30e99c360540.jpg 1280w, https:\/\/machadodeassispicos.com.br\/site\/wp-content\/uploads\/2024\/07\/a671c32e-b27a-48b2-9cd3-30e99c360540-240x300.jpg 240w, https:\/\/machadodeassispicos.com.br\/site\/wp-content\/uploads\/2024\/07\/a671c32e-b27a-48b2-9cd3-30e99c360540-819x1024.jpg 819w\" sizes=\"(max-width: 1280px) 100vw, 1280px\" \/><p id=\"caption-attachment-1610\" class=\"wp-caption-text\">Prof. Rubens Leal. Foto: arquivo do entrevistado<\/p><\/div>\n<p>\u201cDesejo um feliz retorno nesse segundo semestre letivo. Que todos mantenham o foco, a dedica\u00e7\u00e3o, o compromisso, e que esses desafios sejam supridos por nossa grande equipe. O Machado de Assis hoje conta com a melhor equipe de professores do interior do Piau\u00ed, ent\u00e3o o aluno pode ter certeza que ele ter\u00e1 todo o suporte poss\u00edvel para que possamos encaminhar ele no fim do ano para as principais universidades do Nordeste e do pa\u00eds como um todo\u201d.<\/p>\n<p>\u201cJuntos, n\u00f3s enquanto fam\u00edlia e escola, possamos ter o melhor proveito no encaminhamento desses alunos para que eles tenham \u00eaxito na realiza\u00e7\u00e3o dos seus sonhos, afinal o Col\u00e9gio Machado de Assis \u00e9 o Col\u00e9gio das grandes conquistas\u201d.<\/p>\n","protected":false},"excerpt":{"rendered":"<p>O segundo semestre letivo de 2025 do Col\u00e9gio Machado de Assis de Picos ter\u00e1 in\u00edcio na pr\u00f3xima segunda-feira (04). \u00c9 tempo de retomar a rotina, de ir todos os dias para a escola em busca da realiza\u00e7\u00e3o dos sonhos. Pensando nisso, os professores Col\u00e9gio Machado enviaram mensagens de estimulo para os estudantes. O professor de&#8230;<\/p>\n","protected":false},"author":3,"featured_media":3166,"comment_status":"closed","ping_status":"open","sticky":false,"template":"","format":"standard","meta":[],"categories":[1],"tags":[24],"_links":{"self":[{"href":"https:\/\/machadodeassispicos.com.br\/site\/wp-json\/wp\/v2\/posts\/3392"}],"collection":[{"href":"https:\/\/machadodeassispicos.com.br\/site\/wp-json\/wp\/v2\/posts"}],"about":[{"href":"https:\/\/machadodeassispicos.com.br\/site\/wp-json\/wp\/v2\/types\/post"}],"author":[{"embeddable":true,"href":"https:\/\/machadodeassispicos.com.br\/site\/wp-json\/wp\/v2\/users\/3"}],"replies":[{"embeddable":true,"href":"https:\/\/machadodeassispicos.com.br\/site\/wp-json\/wp\/v2\/comments?post=3392"}],"version-history":[{"count":1,"href":"https:\/\/machadodeassispicos.com.br\/site\/wp-json\/wp\/v2\/posts\/3392\/revisions"}],"predecessor-version":[{"id":3394,"href":"https:\/\/machadodeassispicos.com.br\/site\/wp-json\/wp\/v2\/posts\/3392\/revisions\/3394"}],"wp:featuredmedia":[{"embeddable":true,"href":"https:\/\/machadodeassispicos.com.br\/site\/wp-json\/wp\/v2\/media\/3166"}],"wp:attachment":[{"href":"https:\/\/machadodeassispicos.com.br\/site\/wp-json\/wp\/v2\/media?parent=3392"}],"wp:term":[{"taxonomy":"category","embeddable":true,"href":"https:\/\/machadodeassispicos.com.br\/site\/wp-json\/wp\/v2\/categories?post=3392"},{"taxonomy":"post_tag","embeddable":true,"href":"https:\/\/machadodeassispicos.com.br\/site\/wp-json\/wp\/v2\/tags?post=3392"}],"curies":[{"name":"wp","href":"https:\/\/api.w.org\/{rel}","templated":true}]}}