{"id":3395,"date":"2025-08-04T10:08:15","date_gmt":"2025-08-04T13:08:15","guid":{"rendered":"https:\/\/machadodeassispicos.com.br\/site\/?p=3395"},"modified":"2025-08-04T10:08:15","modified_gmt":"2025-08-04T13:08:15","slug":"colegio-machado-de-assis-da-inicio-as-aulas-do-segundo-semestre-letivo-de-2025","status":"publish","type":"post","link":"https:\/\/machadodeassispicos.com.br\/site\/sem-categoria\/colegio-machado-de-assis-da-inicio-as-aulas-do-segundo-semestre-letivo-de-2025\/","title":{"rendered":"Col\u00e9gio Machado de Assis d\u00e1 in\u00edcio \u00e0s aulas do segundo semestre letivo de 2025"},"content":{"rendered":"<p>O Col\u00e9gio Machado de Assis deu in\u00edcio, nesta segunda-feira (04), \u00e0s aulas do segundo semestre letivo de 2025. Os alunos de todos os anos foram recepcionados nas tr\u00eas unidades do Machado: Centro, Canto da V\u00e1rzea e Junco. O semestre deve ser marcado, assim como o anterior, por muitos projetos desenvolvidos em todas as etapas de ensino.<\/p>\n<p>Desde os anos iniciais o Col\u00e9gio Machado desenvolve in\u00fameros projetos e testes para medir o desempenho dos alunos, garantindo que eles sejam preparados desde cedo para progredir nas etapas mais elevadas do ensino e, posteriormente, no mercado de trabalho.<\/p>\n<p><img loading=\"lazy\" class=\"alignnone wp-image-3396 size-full\" src=\"https:\/\/machadodeassispicos.com.br\/site\/wp-content\/uploads\/2025\/08\/COLEGIO-MACHADO-2025-1.jpg\" alt=\"\" width=\"1600\" height=\"1200\" srcset=\"https:\/\/machadodeassispicos.com.br\/site\/wp-content\/uploads\/2025\/08\/COLEGIO-MACHADO-2025-1.jpg 1600w, https:\/\/machadodeassispicos.com.br\/site\/wp-content\/uploads\/2025\/08\/COLEGIO-MACHADO-2025-1-300x225.jpg 300w, https:\/\/machadodeassispicos.com.br\/site\/wp-content\/uploads\/2025\/08\/COLEGIO-MACHADO-2025-1-1024x768.jpg 1024w\" sizes=\"(max-width: 1600px) 100vw, 1600px\" \/><\/p>\n<p>Para os alunos do 3\u00b0 ano do Ensino M\u00e9dio, do Pr\u00e9-ENEM e Pr\u00e9-MED, os estudos s\u00e3o ainda mais decisivos, pois prestar\u00e3o o ENEM objetivando entrar na universidade.<\/p>\n<p>O diretor Francisco Machado recomendou que nas f\u00e9rias os estudantes descansassem, mas n\u00e3o esquecessem os estudos. Eles foram aconselhados a tirar momentos para relaxar, ao tempo que revisavam o conte\u00fado para o ENEM.<\/p>\n<p><img loading=\"lazy\" class=\"alignnone wp-image-3398 size-full\" src=\"https:\/\/machadodeassispicos.com.br\/site\/wp-content\/uploads\/2025\/08\/COLEGIO-MACHADO-2025-3.jpg\" alt=\"\" width=\"1600\" height=\"1200\" srcset=\"https:\/\/machadodeassispicos.com.br\/site\/wp-content\/uploads\/2025\/08\/COLEGIO-MACHADO-2025-3.jpg 1600w, https:\/\/machadodeassispicos.com.br\/site\/wp-content\/uploads\/2025\/08\/COLEGIO-MACHADO-2025-3-300x225.jpg 300w, https:\/\/machadodeassispicos.com.br\/site\/wp-content\/uploads\/2025\/08\/COLEGIO-MACHADO-2025-3-1024x768.jpg 1024w\" sizes=\"(max-width: 1600px) 100vw, 1600px\" \/><\/p>\n<p><strong>Expectativas<\/strong><\/p>\n<p>Alanys dos Santos Gon\u00e7alves, 17 anos, aluna do 2\u00b0 ano do Ensino M\u00e9dio, informou que o primeiro dia de aula est\u00e1 sendo muito bom e que ela j\u00e1 est\u00e1 pensando no ENEM. A estudante vem prestando o ENEM desde o 1\u00b0 ano para estar mais preparada para 2026, quando buscar\u00e1 de fato uma vaga na universidade.<\/p>\n<div id=\"attachment_3397\" style=\"width: 1610px\" class=\"wp-caption alignnone\"><img aria-describedby=\"caption-attachment-3397\" loading=\"lazy\" class=\"wp-image-3397 size-full\" src=\"https:\/\/machadodeassispicos.com.br\/site\/wp-content\/uploads\/2025\/08\/COLEGIO-MACHADO-2025-2.jpg\" alt=\"\" width=\"1600\" height=\"1200\" srcset=\"https:\/\/machadodeassispicos.com.br\/site\/wp-content\/uploads\/2025\/08\/COLEGIO-MACHADO-2025-2.jpg 1600w, https:\/\/machadodeassispicos.com.br\/site\/wp-content\/uploads\/2025\/08\/COLEGIO-MACHADO-2025-2-300x225.jpg 300w, https:\/\/machadodeassispicos.com.br\/site\/wp-content\/uploads\/2025\/08\/COLEGIO-MACHADO-2025-2-1024x768.jpg 1024w\" sizes=\"(max-width: 1600px) 100vw, 1600px\" \/><p id=\"caption-attachment-3397\" class=\"wp-caption-text\">Alanys dos Santos Gon\u00e7alves<\/p><\/div>\n<p>\u201cApesar desse ano n\u00e3o fazer para valer, j\u00e1 \u00e9 um bom teste, \u00e9 bom come\u00e7ar a se dedicar de fato para o pr\u00f3ximo ano. Estou com expectativas bem altas, dedica\u00e7\u00e3o cada vez maior e foco\u201d, relatou.<\/p>\n","protected":false},"excerpt":{"rendered":"<p>O Col\u00e9gio Machado de Assis deu in\u00edcio, nesta segunda-feira (04), \u00e0s aulas do segundo semestre letivo de 2025. Os alunos de todos os anos foram recepcionados nas tr\u00eas unidades do Machado: Centro, Canto da V\u00e1rzea e Junco. O semestre deve ser marcado, assim como o anterior, por muitos projetos desenvolvidos em todas as etapas de&#8230;<\/p>\n","protected":false},"author":3,"featured_media":3399,"comment_status":"closed","ping_status":"open","sticky":false,"template":"","format":"standard","meta":[],"categories":[1],"tags":[150],"_links":{"self":[{"href":"https:\/\/machadodeassispicos.com.br\/site\/wp-json\/wp\/v2\/posts\/3395"}],"collection":[{"href":"https:\/\/machadodeassispicos.com.br\/site\/wp-json\/wp\/v2\/posts"}],"about":[{"href":"https:\/\/machadodeassispicos.com.br\/site\/wp-json\/wp\/v2\/types\/post"}],"author":[{"embeddable":true,"href":"https:\/\/machadodeassispicos.com.br\/site\/wp-json\/wp\/v2\/users\/3"}],"replies":[{"embeddable":true,"href":"https:\/\/machadodeassispicos.com.br\/site\/wp-json\/wp\/v2\/comments?post=3395"}],"version-history":[{"count":1,"href":"https:\/\/machadodeassispicos.com.br\/site\/wp-json\/wp\/v2\/posts\/3395\/revisions"}],"predecessor-version":[{"id":3400,"href":"https:\/\/machadodeassispicos.com.br\/site\/wp-json\/wp\/v2\/posts\/3395\/revisions\/3400"}],"wp:featuredmedia":[{"embeddable":true,"href":"https:\/\/machadodeassispicos.com.br\/site\/wp-json\/wp\/v2\/media\/3399"}],"wp:attachment":[{"href":"https:\/\/machadodeassispicos.com.br\/site\/wp-json\/wp\/v2\/media?parent=3395"}],"wp:term":[{"taxonomy":"category","embeddable":true,"href":"https:\/\/machadodeassispicos.com.br\/site\/wp-json\/wp\/v2\/categories?post=3395"},{"taxonomy":"post_tag","embeddable":true,"href":"https:\/\/machadodeassispicos.com.br\/site\/wp-json\/wp\/v2\/tags?post=3395"}],"curies":[{"name":"wp","href":"https:\/\/api.w.org\/{rel}","templated":true}]}}