{"id":3401,"date":"2025-08-06T15:52:32","date_gmt":"2025-08-06T18:52:32","guid":{"rendered":"https:\/\/machadodeassispicos.com.br\/site\/?p=3401"},"modified":"2025-08-06T15:52:32","modified_gmt":"2025-08-06T18:52:32","slug":"psicologa-do-colegio-machado-de-assis-fala-sobre-orientacoes-para-a-volta-as-aulas","status":"publish","type":"post","link":"https:\/\/machadodeassispicos.com.br\/site\/sem-categoria\/psicologa-do-colegio-machado-de-assis-fala-sobre-orientacoes-para-a-volta-as-aulas\/","title":{"rendered":"Psic\u00f3loga do Col\u00e9gio Machado de Assis fala sobre orienta\u00e7\u00f5es para a volta \u00e0s aulas"},"content":{"rendered":"<p>O Col\u00e9gio Machado de Assis deu in\u00edcio ao segundo semestre letivo de 2025 na \u00faltima segunda-feira (04). Foi o dia em que os alunos de todas as s\u00e9ries retomaram \u00e0 sua rotina escolar. Para garantir um retorno proveitoso e tranquilo para pais, alunos e professores, a psic\u00f3loga do Col\u00e9gio Machado de Assis, Ja\u00edra Pacheco, falou sobre as orienta\u00e7\u00f5es espec\u00edficas para cada etapa do ensino: Educa\u00e7\u00e3o Infantil, Ensino Fundamenta I e II e Ensino M\u00e9dio.<\/p>\n<p>Ja\u00edra Pacheco explicou que ao se tratar das crian\u00e7as da Educa\u00e7\u00e3o Infantil, s\u00e3o repassadas orienta\u00e7\u00f5es para os pais quanto a rotina dos filhos.<\/p>\n<p>\u201cOs alunos tinham uma rotina, a\u00ed chegaram as f\u00e9rias, a\u00ed muda a rotina, de sono, deixa dormir at\u00e9 mais tarde, por exemplo, a\u00ed volta \u00e0s aulas, precisa acordar mais cedo, ent\u00e3o a rotina de sono precisa voltar como era, de repente n\u00e3o consegue r\u00e1pido, ent\u00e3o tem que ir reduzindo gradativamente o hor\u00e1rio de sono \u00e0 noite\u201d, comentou a psic\u00f3loga.<\/p>\n<p>Para o Fundamental I e II, \u00e9 trabalhada a rotina de estudos, pois nas f\u00e9rias deve haver o repouso, mas com a retomada das aulas h\u00e1 a necessidade de retornar aos estudos. \u201c\u00c9 necess\u00e1rio retomar, porque daqui a pouco vai ter prova, ent\u00e3o o sistema educacional exige que o aluno tenha uma disciplina, ent\u00e3o \u00e9 retomar a disciplina que estava tendo no primeiro semestre\u201d, relatou.<\/p>\n<p>J\u00e1 para os alunos do Ensino M\u00e9dio, que tem o ENEM num horizonte bem pr\u00f3ximo, Ja\u00edra relata que os alunos precisam se organizar para se sentir mais seguros para os testes futuros.<\/p>\n<p>A psic\u00f3loga explica que s\u00e3o realizadas reuni\u00f5es com os pais das crian\u00e7as da Educa\u00e7\u00e3o Infantil, para o Fundamental I e II \u00e9 promovido um momento com os professores que refor\u00e7am as explica\u00e7\u00f5es em sala de aula.<\/p>\n","protected":false},"excerpt":{"rendered":"<p>O Col\u00e9gio Machado de Assis deu in\u00edcio ao segundo semestre letivo de 2025 na \u00faltima segunda-feira (04). Foi o dia em que os alunos de todas as s\u00e9ries retomaram \u00e0 sua rotina escolar. Para garantir um retorno proveitoso e tranquilo para pais, alunos e professores, a psic\u00f3loga do Col\u00e9gio Machado de Assis, Ja\u00edra Pacheco, falou&#8230;<\/p>\n","protected":false},"author":3,"featured_media":3403,"comment_status":"closed","ping_status":"open","sticky":false,"template":"","format":"standard","meta":[],"categories":[1],"tags":[84],"_links":{"self":[{"href":"https:\/\/machadodeassispicos.com.br\/site\/wp-json\/wp\/v2\/posts\/3401"}],"collection":[{"href":"https:\/\/machadodeassispicos.com.br\/site\/wp-json\/wp\/v2\/posts"}],"about":[{"href":"https:\/\/machadodeassispicos.com.br\/site\/wp-json\/wp\/v2\/types\/post"}],"author":[{"embeddable":true,"href":"https:\/\/machadodeassispicos.com.br\/site\/wp-json\/wp\/v2\/users\/3"}],"replies":[{"embeddable":true,"href":"https:\/\/machadodeassispicos.com.br\/site\/wp-json\/wp\/v2\/comments?post=3401"}],"version-history":[{"count":1,"href":"https:\/\/machadodeassispicos.com.br\/site\/wp-json\/wp\/v2\/posts\/3401\/revisions"}],"predecessor-version":[{"id":3404,"href":"https:\/\/machadodeassispicos.com.br\/site\/wp-json\/wp\/v2\/posts\/3401\/revisions\/3404"}],"wp:featuredmedia":[{"embeddable":true,"href":"https:\/\/machadodeassispicos.com.br\/site\/wp-json\/wp\/v2\/media\/3403"}],"wp:attachment":[{"href":"https:\/\/machadodeassispicos.com.br\/site\/wp-json\/wp\/v2\/media?parent=3401"}],"wp:term":[{"taxonomy":"category","embeddable":true,"href":"https:\/\/machadodeassispicos.com.br\/site\/wp-json\/wp\/v2\/categories?post=3401"},{"taxonomy":"post_tag","embeddable":true,"href":"https:\/\/machadodeassispicos.com.br\/site\/wp-json\/wp\/v2\/tags?post=3401"}],"curies":[{"name":"wp","href":"https:\/\/api.w.org\/{rel}","templated":true}]}}