{"id":3406,"date":"2025-08-08T11:23:18","date_gmt":"2025-08-08T14:23:18","guid":{"rendered":"https:\/\/machadodeassispicos.com.br\/site\/?p=3406"},"modified":"2025-08-08T11:26:02","modified_gmt":"2025-08-08T14:26:02","slug":"coordenadora-do-colegio-machado-de-assis-fala-sobre-entusiasmo-com-a-volta-as-aulas","status":"publish","type":"post","link":"https:\/\/machadodeassispicos.com.br\/site\/sem-categoria\/coordenadora-do-colegio-machado-de-assis-fala-sobre-entusiasmo-com-a-volta-as-aulas\/","title":{"rendered":"Coordenadora do Col\u00e9gio Machado de Assis fala sobre entusiasmo com a volta \u00e0s aulas"},"content":{"rendered":"<p>O Col\u00e9gio Machado de Assis, unidade Junco, retomou as atividades letivas para o segundo semestre com a volta \u00e0s aulas da Educa\u00e7\u00e3o Infantil e do 1\u00ba ano do Ensino Fundamental I. O retorno, que aconteceu nesta semana, marca um novo per\u00edodo de aprendizado e desenvolvimento para os alunos.<\/p>\n<p>A professora Beatriz de Moura Vieira, coordenadora da Educa\u00e7\u00e3o Infantil e do 1\u00ba ano, destacou o entusiasmo para os pr\u00f3ximos meses. &#8220;Iniciamos o segundo semestre renovando expectativas e afetos, com a certeza de que temos muito a construir juntos, com dedica\u00e7\u00e3o e entusiasmo. Este per\u00edodo \u00e9 uma nova oportunidade para dar continuidade ao que foi bem feito e corrigir o que precisa ser melhorado&#8221;, afirmou.<\/p>\n<p>As coordenadoras da Educa\u00e7\u00e3o Infantil e 1\u00ba ano, Beatriz Moura e Raquel Fontes, ressaltaram que o segundo semestre ser\u00e1 repleto de atividades. A programa\u00e7\u00e3o inclui o desenvolvimento e a culmin\u00e2ncia de projetos, um festival de dan\u00e7a, a cerim\u00f4nia de Doutores do ABC e forma\u00e7\u00f5es continuadas para professores e colaboradores.<\/p>\n<p>Para o sucesso das atividades, a coordena\u00e7\u00e3o refor\u00e7ou a import\u00e2ncia do &#8220;empenho de todos&#8221; e da parceria com as fam\u00edlias. A expectativa \u00e9 fechar o ano letivo com &#8220;conquistas reais e motivo de orgulho&#8221;.<\/p>\n<p>&nbsp;<\/p>\n","protected":false},"excerpt":{"rendered":"<p>O Col\u00e9gio Machado de Assis, unidade Junco, retomou as atividades letivas para o segundo semestre com a volta \u00e0s aulas da Educa\u00e7\u00e3o Infantil e do 1\u00ba ano do Ensino Fundamental I. O retorno, que aconteceu nesta semana, marca um novo per\u00edodo de aprendizado e desenvolvimento para os alunos. A professora Beatriz de Moura Vieira, coordenadora&#8230;<\/p>\n","protected":false},"author":3,"featured_media":3243,"comment_status":"closed","ping_status":"open","sticky":false,"template":"","format":"standard","meta":[],"categories":[1],"tags":[86],"_links":{"self":[{"href":"https:\/\/machadodeassispicos.com.br\/site\/wp-json\/wp\/v2\/posts\/3406"}],"collection":[{"href":"https:\/\/machadodeassispicos.com.br\/site\/wp-json\/wp\/v2\/posts"}],"about":[{"href":"https:\/\/machadodeassispicos.com.br\/site\/wp-json\/wp\/v2\/types\/post"}],"author":[{"embeddable":true,"href":"https:\/\/machadodeassispicos.com.br\/site\/wp-json\/wp\/v2\/users\/3"}],"replies":[{"embeddable":true,"href":"https:\/\/machadodeassispicos.com.br\/site\/wp-json\/wp\/v2\/comments?post=3406"}],"version-history":[{"count":1,"href":"https:\/\/machadodeassispicos.com.br\/site\/wp-json\/wp\/v2\/posts\/3406\/revisions"}],"predecessor-version":[{"id":3407,"href":"https:\/\/machadodeassispicos.com.br\/site\/wp-json\/wp\/v2\/posts\/3406\/revisions\/3407"}],"wp:featuredmedia":[{"embeddable":true,"href":"https:\/\/machadodeassispicos.com.br\/site\/wp-json\/wp\/v2\/media\/3243"}],"wp:attachment":[{"href":"https:\/\/machadodeassispicos.com.br\/site\/wp-json\/wp\/v2\/media?parent=3406"}],"wp:term":[{"taxonomy":"category","embeddable":true,"href":"https:\/\/machadodeassispicos.com.br\/site\/wp-json\/wp\/v2\/categories?post=3406"},{"taxonomy":"post_tag","embeddable":true,"href":"https:\/\/machadodeassispicos.com.br\/site\/wp-json\/wp\/v2\/tags?post=3406"}],"curies":[{"name":"wp","href":"https:\/\/api.w.org\/{rel}","templated":true}]}}