{"id":3525,"date":"2025-08-18T15:43:03","date_gmt":"2025-08-18T18:43:03","guid":{"rendered":"https:\/\/machadodeassispicos.com.br\/site\/?p=3525"},"modified":"2025-08-18T15:43:03","modified_gmt":"2025-08-18T18:43:03","slug":"colegio-machado-de-assis-muitas-atividades-para-o-segundo-semestre-no-ensino-fundamental-i","status":"publish","type":"post","link":"https:\/\/machadodeassispicos.com.br\/site\/sem-categoria\/colegio-machado-de-assis-muitas-atividades-para-o-segundo-semestre-no-ensino-fundamental-i\/","title":{"rendered":"Col\u00e9gio Machado de Assis: muitas atividades para o segundo semestre no Ensino Fundamental I"},"content":{"rendered":"<p>O segundo semestre de 2025 promete ser de muitas atividades para os alunos do Ensino Fundamental I do Col\u00e9gio Machado de Assis de Picos. Complementado aquilo que \u00e9 desenvolvido na sala de aula, ser\u00e3o desenvolvidos projetos importantes que ampliam o conhecimento dos estudantes sobre a nossa regi\u00e3o, hist\u00f3ria e cultura.<\/p>\n<p>A coordenadora do Ensino Fundamental I \u2013 2\u00b0 ao 5\u00b0 ano \u2013 da unidade do Col\u00e9gio Machado de Assis do bairro Canto da V\u00e1rzea, Elenilde Leal listou as a\u00e7\u00f5es:<\/p>\n<p>Projeto de Leitura \u2013 alunos do 2\u00b0 ano, oportunidade em que s\u00e3o trabalhados diversos g\u00eaneros textuais, havendo a apresenta\u00e7\u00e3o para os pais;<\/p>\n<p>Projeto Picos Terra Querida \u2013 alunos do 3\u00b0 ano, com passeios e culmin\u00e2ncia no dia 26 de 27 de setembro;<\/p>\n<p>Projeto do Sarau Liter\u00e1rio \u2013 alunos do 4\u00b0 ano, que est\u00e3o trabalhando cord\u00e9is e far\u00e3o uma exposi\u00e7\u00e3o para as fam\u00edlias;<\/p>\n<p>Projeto de Arte \u2013 alunos do 5\u00b0 ano, com a produ\u00e7\u00e3o de pain\u00e9is e molduras, realizando-se uma exposi\u00e7\u00e3o;<\/p>\n<p>Feira do empreendedorismo, que abordar\u00e1 o tema da educa\u00e7\u00e3o financeira, educa\u00e7\u00e3o socioemocional e empreendedorismo.<\/p>\n<div id=\"attachment_1707\" style=\"width: 1038px\" class=\"wp-caption alignnone\"><img aria-describedby=\"caption-attachment-1707\" loading=\"lazy\" class=\"wp-image-1707 size-full\" src=\"https:\/\/machadodeassispicos.com.br\/site\/wp-content\/uploads\/2024\/08\/COLEGIO-MACHADO-DE-ASSIS-DE-PICOS-COMPUTACAO-5.jpg\" alt=\"\" width=\"1028\" height=\"685\" srcset=\"https:\/\/machadodeassispicos.com.br\/site\/wp-content\/uploads\/2024\/08\/COLEGIO-MACHADO-DE-ASSIS-DE-PICOS-COMPUTACAO-5.jpg 1028w, https:\/\/machadodeassispicos.com.br\/site\/wp-content\/uploads\/2024\/08\/COLEGIO-MACHADO-DE-ASSIS-DE-PICOS-COMPUTACAO-5-300x200.jpg 300w, https:\/\/machadodeassispicos.com.br\/site\/wp-content\/uploads\/2024\/08\/COLEGIO-MACHADO-DE-ASSIS-DE-PICOS-COMPUTACAO-5-1024x682.jpg 1024w\" sizes=\"(max-width: 1028px) 100vw, 1028px\" \/><p id=\"caption-attachment-1707\" class=\"wp-caption-text\">Coordenadora Elenilde<\/p><\/div>\n<p>\u201cTrabalharemos esse ano com essas disciplinas que foram agregadas ao curr\u00edculo escolar e faremos uma representatividade do que as crian\u00e7as conseguiram assimilar durante todo ano letivo, durante a gest\u00e3o da educa\u00e7\u00e3o financeira que come\u00e7a aqui na escola e impacta tamb\u00e9m na fam\u00edlia e na vida social da crian\u00e7a\u201d, destacou a coordenadora.<\/p>\n<p>Elenilde Leal salientou ainda que haver\u00e1 a Semana da Crian\u00e7a, compreendendo as comemora\u00e7\u00f5es pelo dia 12 de Outubro. \u201cN\u00f3s temos um semestre bem produtivo e cheio de atividades que v\u00e3o trazer as crian\u00e7as para relacionar as teorias e as pr\u00e1ticas, e n\u00e3o s\u00f3 elas, mas tamb\u00e9m as fam\u00edlias\u201d, frisou.<\/p>\n","protected":false},"excerpt":{"rendered":"<p>O segundo semestre de 2025 promete ser de muitas atividades para os alunos do Ensino Fundamental I do Col\u00e9gio Machado de Assis de Picos. Complementado aquilo que \u00e9 desenvolvido na sala de aula, ser\u00e3o desenvolvidos projetos importantes que ampliam o conhecimento dos estudantes sobre a nossa regi\u00e3o, hist\u00f3ria e cultura. A coordenadora do Ensino Fundamental&#8230;<\/p>\n","protected":false},"author":3,"featured_media":3308,"comment_status":"closed","ping_status":"open","sticky":false,"template":"","format":"standard","meta":[],"categories":[1],"tags":[152],"_links":{"self":[{"href":"https:\/\/machadodeassispicos.com.br\/site\/wp-json\/wp\/v2\/posts\/3525"}],"collection":[{"href":"https:\/\/machadodeassispicos.com.br\/site\/wp-json\/wp\/v2\/posts"}],"about":[{"href":"https:\/\/machadodeassispicos.com.br\/site\/wp-json\/wp\/v2\/types\/post"}],"author":[{"embeddable":true,"href":"https:\/\/machadodeassispicos.com.br\/site\/wp-json\/wp\/v2\/users\/3"}],"replies":[{"embeddable":true,"href":"https:\/\/machadodeassispicos.com.br\/site\/wp-json\/wp\/v2\/comments?post=3525"}],"version-history":[{"count":1,"href":"https:\/\/machadodeassispicos.com.br\/site\/wp-json\/wp\/v2\/posts\/3525\/revisions"}],"predecessor-version":[{"id":3526,"href":"https:\/\/machadodeassispicos.com.br\/site\/wp-json\/wp\/v2\/posts\/3525\/revisions\/3526"}],"wp:featuredmedia":[{"embeddable":true,"href":"https:\/\/machadodeassispicos.com.br\/site\/wp-json\/wp\/v2\/media\/3308"}],"wp:attachment":[{"href":"https:\/\/machadodeassispicos.com.br\/site\/wp-json\/wp\/v2\/media?parent=3525"}],"wp:term":[{"taxonomy":"category","embeddable":true,"href":"https:\/\/machadodeassispicos.com.br\/site\/wp-json\/wp\/v2\/categories?post=3525"},{"taxonomy":"post_tag","embeddable":true,"href":"https:\/\/machadodeassispicos.com.br\/site\/wp-json\/wp\/v2\/tags?post=3525"}],"curies":[{"name":"wp","href":"https:\/\/api.w.org\/{rel}","templated":true}]}}