{"id":3532,"date":"2025-08-21T09:53:13","date_gmt":"2025-08-21T12:53:13","guid":{"rendered":"https:\/\/machadodeassispicos.com.br\/site\/?p=3532"},"modified":"2025-08-21T09:53:13","modified_gmt":"2025-08-21T12:53:13","slug":"diretores-do-colegio-machado-de-assis-participam-do-forum-de-mantenedores-do-sas-educacao","status":"publish","type":"post","link":"https:\/\/machadodeassispicos.com.br\/site\/sem-categoria\/diretores-do-colegio-machado-de-assis-participam-do-forum-de-mantenedores-do-sas-educacao\/","title":{"rendered":"Diretores do Col\u00e9gio Machado de Assis Participam do F\u00f3rum de Mantenedores do SAS Educa\u00e7\u00e3o"},"content":{"rendered":"<p>O Col\u00e9gio Machado de Assis foi representado no F\u00f3rum de Mantenedores do SAS Educa\u00e7\u00e3o, um dos principais eventos do setor educacional do pa\u00eds. O diretor da institui\u00e7\u00e3o, Francisco Machado, e sua esposa, Roseanne Urtiga Machado, participaram do encontro que ocorreu entre os dias 18 e 20 de agosto, e reuniu l\u00edderes e gestores de escolas parceiras do SAS de todo o Brasil.<\/p>\n<p>O evento \u00e9 conhecido por ser um espa\u00e7o de troca de experi\u00eancias e atualiza\u00e7\u00e3o sobre as inova\u00e7\u00f5es no campo da educa\u00e7\u00e3o. A participa\u00e7\u00e3o do casal teve como objetivo aprimorar a gest\u00e3o escolar e buscar novas ferramentas e pr\u00e1ticas pedag\u00f3gicas que possam ser aplicadas para aprimorar o ensino oferecido aos alunos.<\/p>\n<p>A agenda do f\u00f3rum incluiu palestras, workshops e discuss\u00f5es sobre tend\u00eancias e desafios do setor, com foco na constru\u00e7\u00e3o de uma educa\u00e7\u00e3o mais eficiente e inovadora. A presen\u00e7a dos diretores refor\u00e7a o compromisso do Col\u00e9gio Machado de Assis em oferecer um ensino de excel\u00eancia, alinhado \u00e0s mais recentes metodologias e tecnologias educacionais.<\/p>\n<p><img loading=\"lazy\" class=\"alignnone wp-image-3534 size-full\" src=\"https:\/\/machadodeassispicos.com.br\/site\/wp-content\/uploads\/2025\/08\/2-3.jpg\" alt=\"\" width=\"343\" height=\"389\" srcset=\"https:\/\/machadodeassispicos.com.br\/site\/wp-content\/uploads\/2025\/08\/2-3.jpg 343w, https:\/\/machadodeassispicos.com.br\/site\/wp-content\/uploads\/2025\/08\/2-3-265x300.jpg 265w\" sizes=\"(max-width: 343px) 100vw, 343px\" \/><\/p>\n","protected":false},"excerpt":{"rendered":"<p>O Col\u00e9gio Machado de Assis foi representado no F\u00f3rum de Mantenedores do SAS Educa\u00e7\u00e3o, um dos principais eventos do setor educacional do pa\u00eds. O diretor da institui\u00e7\u00e3o, Francisco Machado, e sua esposa, Roseanne Urtiga Machado, participaram do encontro que ocorreu entre os dias 18 e 20 de agosto, e reuniu l\u00edderes e gestores de escolas&#8230;<\/p>\n","protected":false},"author":3,"featured_media":3536,"comment_status":"closed","ping_status":"open","sticky":false,"template":"","format":"standard","meta":[],"categories":[1],"tags":[71],"_links":{"self":[{"href":"https:\/\/machadodeassispicos.com.br\/site\/wp-json\/wp\/v2\/posts\/3532"}],"collection":[{"href":"https:\/\/machadodeassispicos.com.br\/site\/wp-json\/wp\/v2\/posts"}],"about":[{"href":"https:\/\/machadodeassispicos.com.br\/site\/wp-json\/wp\/v2\/types\/post"}],"author":[{"embeddable":true,"href":"https:\/\/machadodeassispicos.com.br\/site\/wp-json\/wp\/v2\/users\/3"}],"replies":[{"embeddable":true,"href":"https:\/\/machadodeassispicos.com.br\/site\/wp-json\/wp\/v2\/comments?post=3532"}],"version-history":[{"count":1,"href":"https:\/\/machadodeassispicos.com.br\/site\/wp-json\/wp\/v2\/posts\/3532\/revisions"}],"predecessor-version":[{"id":3537,"href":"https:\/\/machadodeassispicos.com.br\/site\/wp-json\/wp\/v2\/posts\/3532\/revisions\/3537"}],"wp:featuredmedia":[{"embeddable":true,"href":"https:\/\/machadodeassispicos.com.br\/site\/wp-json\/wp\/v2\/media\/3536"}],"wp:attachment":[{"href":"https:\/\/machadodeassispicos.com.br\/site\/wp-json\/wp\/v2\/media?parent=3532"}],"wp:term":[{"taxonomy":"category","embeddable":true,"href":"https:\/\/machadodeassispicos.com.br\/site\/wp-json\/wp\/v2\/categories?post=3532"},{"taxonomy":"post_tag","embeddable":true,"href":"https:\/\/machadodeassispicos.com.br\/site\/wp-json\/wp\/v2\/tags?post=3532"}],"curies":[{"name":"wp","href":"https:\/\/api.w.org\/{rel}","templated":true}]}}