{"id":3538,"date":"2025-08-22T16:32:06","date_gmt":"2025-08-22T19:32:06","guid":{"rendered":"https:\/\/machadodeassispicos.com.br\/site\/?p=3538"},"modified":"2025-08-22T16:36:57","modified_gmt":"2025-08-22T19:36:57","slug":"colegio-machado-de-assis-premia-alunos-destaques-do-simulado-do-curso-de-ferias","status":"publish","type":"post","link":"https:\/\/machadodeassispicos.com.br\/site\/sem-categoria\/colegio-machado-de-assis-premia-alunos-destaques-do-simulado-do-curso-de-ferias\/","title":{"rendered":"Col\u00e9gio Machado de Assis premia alunos destaques do simulado do Curso de F\u00e9rias"},"content":{"rendered":"<p>O Col\u00e9gio Machado de Assis realizou, na \u00faltima ter\u00e7a-feira (19), a premia\u00e7\u00e3o dos alunos que obtiveram as melhores coloca\u00e7\u00f5es no simulado do Curso de F\u00e9rias. A iniciativa \u00e9 uma forma de estimular os estudos e reconhecer o esfor\u00e7o dos participantes.<\/p>\n<p>O Curso de F\u00e9rias ocorreu entre os dias 1\u00ba e 9 de julho e foi finalizado com a aplica\u00e7\u00e3o do simulado, cujo resultado foi divulgado na sexta-feira, dia 15.<\/p>\n<p>Tr\u00eas alunos foram premiados, cada um em sua respectiva coloca\u00e7\u00e3o:<\/p>\n<ul>\n<li><strong>1\u00ba lugar:<\/strong> Gl\u00e1uber Velcoso, aluno do Med-ENEM, foi premiado com R$ 1.000,00.<\/li>\n<li><strong>2\u00ba lugar:<\/strong> Kalel Ben\u00edcio, aluno do 3\u00ba ano Ol\u00edmpico, recebeu R$ 500,00.<\/li>\n<li><strong>3\u00ba lugar:<\/strong> Joaquim Francisco, aluno do Med-MED, ganhou R$ 300,00.<\/li>\n<\/ul>\n<div style=\"width: 720px;\" class=\"wp-video\"><!--[if lt IE 9]><script>document.createElement('video');<\/script><![endif]-->\n<video class=\"wp-video-shortcode\" id=\"video-3538-1\" width=\"720\" height=\"1280\" preload=\"metadata\" controls=\"controls\"><source type=\"video\/mp4\" src=\"https:\/\/machadodeassispicos.com.br\/site\/wp-content\/uploads\/2025\/08\/Nos-reconhecemos-o-esforco-e-homenageamos-quem-se-destaca.-\ud83c\udfc6\ud83e\udd29Realizamos-a-premiacao-dos-alunos.mp4?_=1\" \/><a href=\"https:\/\/machadodeassispicos.com.br\/site\/wp-content\/uploads\/2025\/08\/Nos-reconhecemos-o-esforco-e-homenageamos-quem-se-destaca.-\ud83c\udfc6\ud83e\udd29Realizamos-a-premiacao-dos-alunos.mp4\">https:\/\/machadodeassispicos.com.br\/site\/wp-content\/uploads\/2025\/08\/Nos-reconhecemos-o-esforco-e-homenageamos-quem-se-destaca.-\ud83c\udfc6\ud83e\udd29Realizamos-a-premiacao-dos-alunos.mp4<\/a><\/video><\/div>\n<p>&nbsp;<\/p>\n","protected":false},"excerpt":{"rendered":"<p>O Col\u00e9gio Machado de Assis realizou, na \u00faltima ter\u00e7a-feira (19), a premia\u00e7\u00e3o dos alunos que obtiveram as melhores coloca\u00e7\u00f5es no simulado do Curso de F\u00e9rias. A iniciativa \u00e9 uma forma de estimular os estudos e reconhecer o esfor\u00e7o dos participantes. O Curso de F\u00e9rias ocorreu entre os dias 1\u00ba e 9 de julho e foi&#8230;<\/p>\n","protected":false},"author":3,"featured_media":3539,"comment_status":"closed","ping_status":"open","sticky":false,"template":"","format":"standard","meta":[],"categories":[1],"tags":[154],"_links":{"self":[{"href":"https:\/\/machadodeassispicos.com.br\/site\/wp-json\/wp\/v2\/posts\/3538"}],"collection":[{"href":"https:\/\/machadodeassispicos.com.br\/site\/wp-json\/wp\/v2\/posts"}],"about":[{"href":"https:\/\/machadodeassispicos.com.br\/site\/wp-json\/wp\/v2\/types\/post"}],"author":[{"embeddable":true,"href":"https:\/\/machadodeassispicos.com.br\/site\/wp-json\/wp\/v2\/users\/3"}],"replies":[{"embeddable":true,"href":"https:\/\/machadodeassispicos.com.br\/site\/wp-json\/wp\/v2\/comments?post=3538"}],"version-history":[{"count":3,"href":"https:\/\/machadodeassispicos.com.br\/site\/wp-json\/wp\/v2\/posts\/3538\/revisions"}],"predecessor-version":[{"id":3543,"href":"https:\/\/machadodeassispicos.com.br\/site\/wp-json\/wp\/v2\/posts\/3538\/revisions\/3543"}],"wp:featuredmedia":[{"embeddable":true,"href":"https:\/\/machadodeassispicos.com.br\/site\/wp-json\/wp\/v2\/media\/3539"}],"wp:attachment":[{"href":"https:\/\/machadodeassispicos.com.br\/site\/wp-json\/wp\/v2\/media?parent=3538"}],"wp:term":[{"taxonomy":"category","embeddable":true,"href":"https:\/\/machadodeassispicos.com.br\/site\/wp-json\/wp\/v2\/categories?post=3538"},{"taxonomy":"post_tag","embeddable":true,"href":"https:\/\/machadodeassispicos.com.br\/site\/wp-json\/wp\/v2\/tags?post=3538"}],"curies":[{"name":"wp","href":"https:\/\/api.w.org\/{rel}","templated":true}]}}