{"id":3551,"date":"2025-08-25T14:38:32","date_gmt":"2025-08-25T17:38:32","guid":{"rendered":"https:\/\/machadodeassispicos.com.br\/site\/?p=3551"},"modified":"2025-08-25T14:38:32","modified_gmt":"2025-08-25T17:38:32","slug":"colegio-machado-de-assis-celebra-o-dia-do-soldado-com-visita-da-policia-militar","status":"publish","type":"post","link":"https:\/\/machadodeassispicos.com.br\/site\/sem-categoria\/colegio-machado-de-assis-celebra-o-dia-do-soldado-com-visita-da-policia-militar\/","title":{"rendered":"Col\u00e9gio Machado de Assis celebra o Dia do Soldado com visita da Pol\u00edcia Militar"},"content":{"rendered":"<p>Em uma iniciativa para celebrar o Dia do Soldado (25 de agosto), o Col\u00e9gio Machado de Assis, em Picos, promoveu um encontro especial para os alunos das unidades Canto da V\u00e1rzea e Junco com membros da Pol\u00edcia Militar do Piau\u00ed. O evento teve como objetivo inspirar e educar os estudantes sobre a import\u00e2ncia do trabalho militar na sociedade.<\/p>\n<p>Durante a visita, os policiais compartilharam detalhes sobre sua rotina, valores e as responsabilidades da profiss\u00e3o. Eles enfatizaram a import\u00e2ncia de virtudes como compromisso, disciplina e coragem, que s\u00e3o fundamentais para quem atua na \u00e1rea da seguran\u00e7a p\u00fablica.<\/p>\n<p>A a\u00e7\u00e3o faz parte da proposta pedag\u00f3gica do col\u00e9gio de ampliar a vis\u00e3o de mundo dos alunos. Experi\u00eancias como essa s\u00e3o consideradas essenciais para que os estudantes desenvolvam uma maior valoriza\u00e7\u00e3o de quem dedica a vida para proteger e servir a comunidade.<\/p>\n","protected":false},"excerpt":{"rendered":"<p>Em uma iniciativa para celebrar o Dia do Soldado (25 de agosto), o Col\u00e9gio Machado de Assis, em Picos, promoveu um encontro especial para os alunos das unidades Canto da V\u00e1rzea e Junco com membros da Pol\u00edcia Militar do Piau\u00ed. O evento teve como objetivo inspirar e educar os estudantes sobre a import\u00e2ncia do trabalho&#8230;<\/p>\n","protected":false},"author":3,"featured_media":3552,"comment_status":"closed","ping_status":"open","sticky":false,"template":"","format":"standard","meta":[],"categories":[1],"tags":[156],"_links":{"self":[{"href":"https:\/\/machadodeassispicos.com.br\/site\/wp-json\/wp\/v2\/posts\/3551"}],"collection":[{"href":"https:\/\/machadodeassispicos.com.br\/site\/wp-json\/wp\/v2\/posts"}],"about":[{"href":"https:\/\/machadodeassispicos.com.br\/site\/wp-json\/wp\/v2\/types\/post"}],"author":[{"embeddable":true,"href":"https:\/\/machadodeassispicos.com.br\/site\/wp-json\/wp\/v2\/users\/3"}],"replies":[{"embeddable":true,"href":"https:\/\/machadodeassispicos.com.br\/site\/wp-json\/wp\/v2\/comments?post=3551"}],"version-history":[{"count":1,"href":"https:\/\/machadodeassispicos.com.br\/site\/wp-json\/wp\/v2\/posts\/3551\/revisions"}],"predecessor-version":[{"id":3553,"href":"https:\/\/machadodeassispicos.com.br\/site\/wp-json\/wp\/v2\/posts\/3551\/revisions\/3553"}],"wp:featuredmedia":[{"embeddable":true,"href":"https:\/\/machadodeassispicos.com.br\/site\/wp-json\/wp\/v2\/media\/3552"}],"wp:attachment":[{"href":"https:\/\/machadodeassispicos.com.br\/site\/wp-json\/wp\/v2\/media?parent=3551"}],"wp:term":[{"taxonomy":"category","embeddable":true,"href":"https:\/\/machadodeassispicos.com.br\/site\/wp-json\/wp\/v2\/categories?post=3551"},{"taxonomy":"post_tag","embeddable":true,"href":"https:\/\/machadodeassispicos.com.br\/site\/wp-json\/wp\/v2\/tags?post=3551"}],"curies":[{"name":"wp","href":"https:\/\/api.w.org\/{rel}","templated":true}]}}