{"id":3555,"date":"2025-08-27T11:18:41","date_gmt":"2025-08-27T14:18:41","guid":{"rendered":"https:\/\/machadodeassispicos.com.br\/site\/?p=3555"},"modified":"2025-08-27T11:19:49","modified_gmt":"2025-08-27T14:19:49","slug":"alunos-do-colegio-machado-de-assis-se-destacam-em-redacao-do-simulado-sas-enem","status":"publish","type":"post","link":"https:\/\/machadodeassispicos.com.br\/site\/sem-categoria\/alunos-do-colegio-machado-de-assis-se-destacam-em-redacao-do-simulado-sas-enem\/","title":{"rendered":"Alunos do Col\u00e9gio Machado de Assis se destacam em reda\u00e7\u00e3o do Simulado SAS Enem"},"content":{"rendered":"<p>Os alunos do Col\u00e9gio Machado de Assis tiveram um excelente desempenho na prova de reda\u00e7\u00e3o do \u00faltimo simulado SAS ENEM, realizado no dia 16 de agosto. O resultado positivo, segundo o professor de Reda\u00e7\u00e3o Erismar Veloso de Sousa**, \u00e9 fruto da pr\u00e1tica constante e do trabalho intensivo em sala de aula.<\/p>\n<p>O tema da reda\u00e7\u00e3o do simulado foi &#8220;Desafios para a reintegra\u00e7\u00e3o de ex-presidi\u00e1rios no Brasil&#8221;, um assunto que j\u00e1 havia sido abordado em aulas anteriores. O professor destacou a dedica\u00e7\u00e3o dos estudantes. &#8220;A maioria dos alunos se saiu muito bem, demonstrando que a pr\u00e1tica constante e o laborat\u00f3rio de produ\u00e7\u00e3o s\u00e3o fundamentais para o crescimento acad\u00eamico e para a certeza de uma excelente nota no Enem&#8221;, afirmou.<\/p>\n<p>Erismar Veloso de Sousa ressaltou a satisfa\u00e7\u00e3o em ver o esfor\u00e7o e a supera\u00e7\u00e3o dos alunos. &#8220;Fico muito feliz por poder contribuir com os alunos nessa jornada, especialmente quando \u00e9 t\u00e3o evidente o esfor\u00e7o da grande maioria para superar suas dificuldades e trazer resultados t\u00e3o significativos, que os deixam t\u00e3o confiantes de que tudo dar\u00e1 certo&#8221;, concluiu.<\/p>\n","protected":false},"excerpt":{"rendered":"<p>Os alunos do Col\u00e9gio Machado de Assis tiveram um excelente desempenho na prova de reda\u00e7\u00e3o do \u00faltimo simulado SAS ENEM, realizado no dia 16 de agosto. O resultado positivo, segundo o professor de Reda\u00e7\u00e3o Erismar Veloso de Sousa**, \u00e9 fruto da pr\u00e1tica constante e do trabalho intensivo em sala de aula. O tema da reda\u00e7\u00e3o&#8230;<\/p>\n","protected":false},"author":3,"featured_media":3545,"comment_status":"closed","ping_status":"open","sticky":false,"template":"","format":"standard","meta":[],"categories":[1],"tags":[155],"_links":{"self":[{"href":"https:\/\/machadodeassispicos.com.br\/site\/wp-json\/wp\/v2\/posts\/3555"}],"collection":[{"href":"https:\/\/machadodeassispicos.com.br\/site\/wp-json\/wp\/v2\/posts"}],"about":[{"href":"https:\/\/machadodeassispicos.com.br\/site\/wp-json\/wp\/v2\/types\/post"}],"author":[{"embeddable":true,"href":"https:\/\/machadodeassispicos.com.br\/site\/wp-json\/wp\/v2\/users\/3"}],"replies":[{"embeddable":true,"href":"https:\/\/machadodeassispicos.com.br\/site\/wp-json\/wp\/v2\/comments?post=3555"}],"version-history":[{"count":1,"href":"https:\/\/machadodeassispicos.com.br\/site\/wp-json\/wp\/v2\/posts\/3555\/revisions"}],"predecessor-version":[{"id":3556,"href":"https:\/\/machadodeassispicos.com.br\/site\/wp-json\/wp\/v2\/posts\/3555\/revisions\/3556"}],"wp:featuredmedia":[{"embeddable":true,"href":"https:\/\/machadodeassispicos.com.br\/site\/wp-json\/wp\/v2\/media\/3545"}],"wp:attachment":[{"href":"https:\/\/machadodeassispicos.com.br\/site\/wp-json\/wp\/v2\/media?parent=3555"}],"wp:term":[{"taxonomy":"category","embeddable":true,"href":"https:\/\/machadodeassispicos.com.br\/site\/wp-json\/wp\/v2\/categories?post=3555"},{"taxonomy":"post_tag","embeddable":true,"href":"https:\/\/machadodeassispicos.com.br\/site\/wp-json\/wp\/v2\/tags?post=3555"}],"curies":[{"name":"wp","href":"https:\/\/api.w.org\/{rel}","templated":true}]}}